{"id":789,"date":"2019-06-13T10:00:07","date_gmt":"2019-06-13T10:00:07","guid":{"rendered":"https:\/\/www.institutoeurofor.com\/blog\/?p=789"},"modified":"2022-05-31T10:42:26","modified_gmt":"2022-05-31T10:42:26","slug":"formacion-no-reglada","status":"publish","type":"post","link":"https:\/\/www.institutoeurofor.com\/blog\/formacion-no-reglada\/","title":{"rendered":"Formaci\u00f3n no reglada, todo lo que necesitas saber"},"content":{"rendered":"<div id=\"ez-toc-container\" class=\"ez-toc-v2_0_32 counter-hierarchy counter-numeric ez-toc-grey\">\n<div class=\"ez-toc-title-container\">\n<p class=\"ez-toc-title\">Tabla de contenidos<\/p>\n<span class=\"ez-toc-title-toggle\"><a href=\"#\" class=\"ez-toc-pull-right ez-toc-btn ez-toc-btn-xs ez-toc-btn-default ez-toc-toggle\" style=\"display: none;\"><label for=\"item\" aria-label=\"Table of Content\"><i class=\"ez-toc-glyphicon ez-toc-icon-toggle\"><\/i><\/label><input type=\"checkbox\" id=\"item\"><\/a><\/span><\/div>\n<nav><ul class='ez-toc-list ez-toc-list-level-1'><li class='ez-toc-page-1 ez-toc-heading-level-2'><a class=\"ez-toc-link ez-toc-heading-1\" href=\"https:\/\/www.institutoeurofor.com\/blog\/formacion-no-reglada\/#%C2%BFQue_es_la_formacion_no_reglada\" title=\"\u00bfQu\u00e9 es la formaci\u00f3n no reglada?\">\u00bfQu\u00e9 es la formaci\u00f3n no reglada?<\/a><\/li><li class='ez-toc-page-1 ez-toc-heading-level-2'><a class=\"ez-toc-link ez-toc-heading-2\" href=\"https:\/\/www.institutoeurofor.com\/blog\/formacion-no-reglada\/#Tipos_de_formacion_no_reglada\" title=\"Tipos de formaci\u00f3n no reglada\">Tipos de formaci\u00f3n no reglada<\/a><\/li><li class='ez-toc-page-1 ez-toc-heading-level-2'><a class=\"ez-toc-link ez-toc-heading-3\" href=\"https:\/\/www.institutoeurofor.com\/blog\/formacion-no-reglada\/#Cursos_Online_y_a_Distancia\" title=\"Cursos Online y a Distancia\">Cursos Online y a Distancia<\/a><\/li><li class='ez-toc-page-1 ez-toc-heading-level-2'><a class=\"ez-toc-link ez-toc-heading-4\" href=\"https:\/\/www.institutoeurofor.com\/blog\/formacion-no-reglada\/#SUSCRIBETE_AL_BLOG\" title=\"SUSCR\u00cdBETE AL BLOG\">SUSCR\u00cdBETE AL BLOG<\/a><\/li><\/ul><\/nav><\/div>\n<h2><span class=\"ez-toc-section\" id=\"%C2%BFQue_es_la_formacion_no_reglada\"><\/span>\u00bfQu\u00e9 es la formaci\u00f3n no reglada?<span class=\"ez-toc-section-end\"><\/span><\/h2>\n<p>La\u00a0<strong>formaci\u00f3n no reglada<\/strong>\u00a0es aquella que no est\u00e1 contemplada por el Ministerio de Educaci\u00f3n, pero s\u00ed por el Ministerio de Empleo y Seguridad Social.<\/p>\n<p>Este tipo de formaci\u00f3n se ajusta a las necesidades del actual mercado laboral y tiene como fin\u00a0<strong>preparar a las personas para trabajar<\/strong>, adquiriendo competencias profesionales para desarrollar determinadas funciones en su trabajo.<\/p>\n<p>A pesar de que muchos piensan que es una formaci\u00f3n inservible puesto que carece de t\u00edtulo oficial, lo cierto es que ayuda al estudiar a\u00a0conseguir un puesto de trabajo a partir de la especializaci\u00f3n.<\/p>\n<p>Adem\u00e1s, una vez finalizada la formaci\u00f3n, el usuario, recibe un t\u00edtulo con validez curricular, es decir, la formaci\u00f3n no reglada realizada puede indicarse en el curr\u00edculum vitae para ser valorada por las empresas.<\/p>\n<p>Es ofrecida por todo tipo de organizaciones, tanto p\u00fablicas como privadas y comprende tanto cursos como postgrados y m\u00e1steres.<\/p>\n<p>Los cursos m\u00e1s destacados son:\u00a0<strong><a href=\"https:\/\/www.institutoeurofor.com\/cursos-de-administracion-de-empresas?utm_source=blog&amp;utm_medium=referral&amp;utm_campaign=formacion-no-reglada\" target=\"_blank\" rel=\"noopener noreferrer\">Cursos de Administraci\u00f3n y Gesti\u00f3n de Empresas<\/a><\/strong>,\u00a0<strong><a href=\"https:\/\/www.institutoeurofor.com\/comercio-marketing-comunicacion-protocolo?utm_source=blog&amp;utm_medium=referral&amp;utm_campaign=formacion-no-reglada\" target=\"_blank\" rel=\"noopener noreferrer\">Cursos de Marketing, Comercio y Comunicaci\u00f3n<\/a><\/strong>\u00a0y\u00a0<strong><a href=\"https:\/\/www.institutoeurofor.com\/cursos-de-informatica?utm_source=blog&amp;utm_medium=referral&amp;utm_campaign=formacion-no-reglada\" target=\"_blank\" rel=\"noopener noreferrer\">Cursos de Inform\u00e1tica<\/a><\/strong>.<\/p>\n<h2><span class=\"ez-toc-section\" id=\"Tipos_de_formacion_no_reglada\"><\/span>Tipos de formaci\u00f3n no reglada<span class=\"ez-toc-section-end\"><\/span><\/h2>\n<p>Dentro de este tipo de formaci\u00f3n se incluye el\u00a0<strong>Sistema de Formaci\u00f3n Profesional para el Empleo\u00a0(FPE)<\/strong>.\u00a0Los cursos que se imparten en esta modalidad\u00a0son gestionados en parte por el Estado mediante el\u00a0<strong><a href=\"https:\/\/www.sepe.es\/HomeSepe\" target=\"_blank\" rel=\"noopener noreferrer\">Servicio P\u00fablico de Empleo Estatal<\/a>\u00a0<\/strong>(SEPE), junto con la participaci\u00f3n de la\u00a0<a href=\"https:\/\/www.fundae.es\/Pages\/default.aspx\" target=\"_blank\" rel=\"noopener noreferrer\"><strong>Fundaci\u00f3n Tripartita<\/strong><\/a>.<\/p>\n<p>La formaci\u00f3n profesional para el empleo comprende varios tipos de formaci\u00f3n:<\/p>\n<ul>\n<li><strong>Formaci\u00f3n para trabajadores<\/strong>.Destinada a trabajadores activos con el objetivo de mejorar sus competencias y habilidades dentro del \u00e1mbito laboral.<\/li>\n<\/ul>\n<ul>\n<li><strong>Formaci\u00f3n para desempleados<\/strong>. El objetivo es capacitar a los desempleados para encontrar trabajo. Dentro de esta formaci\u00f3n tambi\u00e9n encontramos cursos gratis para adquirir experiencia laboral, especialmente necesaria entre los m\u00e1s j\u00f3venes. En este caso, estar\u00edamos hablando de la formaci\u00f3n que comprenden algunos contratos de\u00a0<a style=\"font-size: 14px;\" href=\"https:\/\/www.sepe.es\/HomeSepe\/Personas\/encontrar-trabajo\/Garantia-Juvenil.html\" target=\"_blank\" rel=\"noopener noreferrer\"><strong>Garant\u00eda Juvenil.<\/strong><\/a><\/li>\n<\/ul>\n<ul>\n<li><strong>Formaci\u00f3n ofrecida por las empresas a sus trabajadores.\u00a0<\/strong>Se refiere a la\u00a0<strong style=\"font-size: 14px;\">formaci\u00f3n que los trabajadores de una empresa tienen derecho a realizar<\/strong><span style=\"font-size: 14px;\">.\u00a0<\/span>Esta formaci\u00f3n ser\u00e1 proporcionada por la empresa y atender\u00e1 a las necesidades formativas de sus trabajadores.<\/li>\n<\/ul>\n<p>Si est\u00e1s interesado en realizar una formaci\u00f3n no reglada de calidad, no dudes en consultar nuestro\u00a0<strong><a href=\"https:\/\/www.institutoeurofor.com\/cursos?utm_source=blog&amp;utm_medium=referral&amp;utm_campaign=formacion-no-reglada\" target=\"_blank\" rel=\"noopener noreferrer\">cursos online<\/a><\/strong>\u00a0y los\u00a0<strong><a href=\"https:\/\/www.institutoeurofor.com\/cursos?utm_source=blog&amp;utm_medium=referral&amp;utm_campaign=formacion-no-reglada\" target=\"_blank\" rel=\"noopener noreferrer\">cursos a distancia<\/a><\/strong>\u00a0que ofrecemos.<\/p>\n<hr \/>\n<h2 style=\"text-align: center;\"><span class=\"ez-toc-section\" id=\"Cursos_Online_y_a_Distancia\"><\/span>Cursos Online y a Distancia<span class=\"ez-toc-section-end\"><\/span><\/h2>\n<p style=\"text-align: center;\"><a href=\"https:\/\/www.institutoeurofor.com\/cursos?utm_source=blog&amp;utm_medium=referral&amp;utm_campaign=formacion-no-reglada\" target=\"_blank\" rel=\"noopener noreferrer\"><input style=\"color: #ffffff; background-color: #01285d;\" name=\"button\" type=\"submit\" value=\"QUIERO M\u00c1S INFORMACI\u00d3N\" \/><\/a><\/p>\n<hr \/>\n<p>Si tienes cualquier duda, no olvides escribir un comentario y no encargamos de resolverla.<\/p>\n<div role=\"form\" class=\"wpcf7\" id=\"wpcf7-f100-o1\" lang=\"es-ES\" dir=\"ltr\">\n<div class=\"screen-reader-response\"><p role=\"status\" aria-live=\"polite\" aria-atomic=\"true\"><\/p> <ul><\/ul><\/div>\n<form action=\"\/blog\/wp-json\/wp\/v2\/posts\/789#wpcf7-f100-o1\" method=\"post\" class=\"wpcf7-form init\" novalidate=\"novalidate\" data-status=\"init\">\n<div style=\"display: none;\">\n<input type=\"hidden\" name=\"_wpcf7\" value=\"100\" \/>\n<input type=\"hidden\" name=\"_wpcf7_version\" value=\"5.6.2\" \/>\n<input type=\"hidden\" name=\"_wpcf7_locale\" value=\"es_ES\" \/>\n<input type=\"hidden\" name=\"_wpcf7_unit_tag\" value=\"wpcf7-f100-o1\" \/>\n<input type=\"hidden\" name=\"_wpcf7_container_post\" value=\"0\" \/>\n<input type=\"hidden\" name=\"_wpcf7_posted_data_hash\" value=\"\" \/>\n<input type=\"hidden\" name=\"_wpcf7_recaptcha_response\" value=\"\" \/>\n<\/div>\n<hr>\n<h2 class=\"widget-title text-center\"><span class=\"ez-toc-section\" id=\"SUSCRIBETE_AL_BLOG\"><\/span>SUSCR\u00cdBETE AL BLOG<span class=\"ez-toc-section-end\"><\/span><\/h2>\n<div class=\"col-xs-12 text-center\" style=\"background-color: #f2f2f2; padding-top: 25px;\">\n<div class=\"text-center\">\nSi quieres estar al tanto de las \u00faltimas noticias de tu sector y de nuestros cursos, suscr\u00edbete gratis a nuestro blog.\n    <\/div>\n<div class=\"text-left\">\n        <label class=\"width-100\">Nombre<br\/><span class=\"wpcf7-form-control-wrap\" data-name=\"your-name\"><input type=\"text\" name=\"your-name\" value=\"\" size=\"40\" class=\"wpcf7-form-control wpcf7-text wpcf7-validates-as-required width-100\" aria-required=\"true\" aria-invalid=\"false\" \/><\/span><\/label><br \/>\n        <label class=\"width-100\">Tu correo electr\u00f3nico<br\/><span class=\"wpcf7-form-control-wrap\" data-name=\"your-email\"><input type=\"email\" name=\"your-email\" value=\"\" size=\"40\" class=\"wpcf7-form-control wpcf7-text wpcf7-email wpcf7-validates-as-required wpcf7-validates-as-email width-100\" aria-required=\"true\" aria-invalid=\"false\" \/><\/span><\/label>\n    <\/div>\n<p>    <input style=\"color: #ffffff; background-color: #01285d; \"button\" type=\"submit\" value=\"ACEPTAR\"><\/a><\/p>\n<\/div>\n<hr>\n<div class=\"wpcf7-response-output\" aria-hidden=\"true\"><\/div><\/form><\/div>\n\n\n<p><\/p>\n","protected":false},"excerpt":{"rendered":"<p>\u00bfQu\u00e9 es la formaci\u00f3n no reglada? La\u00a0formaci\u00f3n no reglada\u00a0es aquella que no est\u00e1 contemplada por el Ministerio de Educaci\u00f3n, pero s\u00ed por el Ministerio de Empleo y Seguridad Social. Este tipo de formaci\u00f3n se ajusta a las necesidades del actual &hellip; <a href=\"https:\/\/www.institutoeurofor.com\/blog\/formacion-no-reglada\/\">Continuar<\/a><\/p>\n","protected":false},"author":2,"featured_media":791,"comment_status":"open","ping_status":"closed","sticky":false,"template":"","format":"standard","meta":[],"categories":[3],"tags":[40,66],"_links":{"self":[{"href":"https:\/\/www.institutoeurofor.com\/blog\/wp-json\/wp\/v2\/posts\/789"}],"collection":[{"href":"https:\/\/www.institutoeurofor.com\/blog\/wp-json\/wp\/v2\/posts"}],"about":[{"href":"https:\/\/www.institutoeurofor.com\/blog\/wp-json\/wp\/v2\/types\/post"}],"author":[{"embeddable":true,"href":"https:\/\/www.institutoeurofor.com\/blog\/wp-json\/wp\/v2\/users\/2"}],"replies":[{"embeddable":true,"href":"https:\/\/www.institutoeurofor.com\/blog\/wp-json\/wp\/v2\/comments?post=789"}],"version-history":[{"count":20,"href":"https:\/\/www.institutoeurofor.com\/blog\/wp-json\/wp\/v2\/posts\/789\/revisions"}],"predecessor-version":[{"id":4877,"href":"https:\/\/www.institutoeurofor.com\/blog\/wp-json\/wp\/v2\/posts\/789\/revisions\/4877"}],"wp:featuredmedia":[{"embeddable":true,"href":"https:\/\/www.institutoeurofor.com\/blog\/wp-json\/wp\/v2\/media\/791"}],"wp:attachment":[{"href":"https:\/\/www.institutoeurofor.com\/blog\/wp-json\/wp\/v2\/media?parent=789"}],"wp:term":[{"taxonomy":"category","embeddable":true,"href":"https:\/\/www.institutoeurofor.com\/blog\/wp-json\/wp\/v2\/categories?post=789"},{"taxonomy":"post_tag","embeddable":true,"href":"https:\/\/www.institutoeurofor.com\/blog\/wp-json\/wp\/v2\/tags?post=789"}],"curies":[{"name":"wp","href":"https:\/\/api.w.org\/{rel}","templated":true}]}}