{"id":5408,"date":"2023-02-17T10:51:28","date_gmt":"2023-02-17T09:51:28","guid":{"rendered":"https:\/\/www.institutoeurofor.com\/blog\/?p=5408"},"modified":"2023-02-17T10:51:29","modified_gmt":"2023-02-17T09:51:29","slug":"novedades-en-la-formacion-bonificada-para-el-2023","status":"publish","type":"post","link":"https:\/\/www.institutoeurofor.com\/blog\/novedades-en-la-formacion-bonificada-para-el-2023\/","title":{"rendered":"Novedades en la formaci\u00f3n bonificada para el 2023"},"content":{"rendered":"\n<p>\u00bfEst\u00e1s pensando en realizar alguna formaci\u00f3n bonificada este 2023? Lee el siguiente post, donde te contaremos las novedades m\u00e1s interesantes.<\/p>\n\n\n\n<p>La formaci\u00f3n bonificada es bastante atractiva &nbsp;ya que, permite a las empresas poder formar a sus trabajadores a un coste 0. Las empresas disponen de un cr\u00e9dito anual para poder gastarlo en formaci\u00f3n durante el a\u00f1o anterior. <\/p>\n\n\n<div class=\"wp-block-image\">\n<figure class=\"alignright size-full is-resized\"><img loading=\"lazy\" src=\"https:\/\/www.institutoeurofor.com\/blog\/wp-content\/uploads\/2023\/02\/1-INSTITUTO.png\" alt=\"\" class=\"wp-image-5409\" width=\"399\" height=\"266\" srcset=\"https:\/\/www.institutoeurofor.com\/blog\/wp-content\/uploads\/2023\/02\/1-INSTITUTO.png 900w, https:\/\/www.institutoeurofor.com\/blog\/wp-content\/uploads\/2023\/02\/1-INSTITUTO-300x200.png 300w, https:\/\/www.institutoeurofor.com\/blog\/wp-content\/uploads\/2023\/02\/1-INSTITUTO-768x512.png 768w\" sizes=\"(max-width: 399px) 100vw, 399px\" \/><\/figure><\/div>\n\n\n<p>\u00a1<strong><a href=\"https:\/\/www.institutoeurofor.com\/formacion-programada\">Conoce el cr\u00e9dito de formaci\u00f3n bonificada<\/a><\/strong> que le corresponde a tu empresa y f\u00f3rmate!<\/p>\n\n\n\n<p>Puedes hacer de esta formaci\u00f3n, una oportunidad para aprovechar el cr\u00e9dito de formaci\u00f3n, y as\u00ed impulsar las competencias y habilidades de los trabajadores, por ejemplo en el \u00e1mbito tecnol\u00f3gico.<\/p>\n\n\n\n<p>Tambi\u00e9n puede ser una oportunidad para proporcionar informaci\u00f3n a la plantilla sobre cualquier novedad que te interese que conozcan.<\/p>\n\n\n\n<p>Si quieres acceder a nuestro cat\u00e1logo para escoger la acci\u00f3n formativa que m\u00e1s se adapte a tus necesidades, haz clic en el siguiente bot\u00f3n:<\/p>\n\n\n\n<div style=\"height:17px\" aria-hidden=\"true\" class=\"wp-block-spacer\"><\/div>\n\n\n\n<div class=\"wp-container-1 is-content-justification-center wp-block-buttons\">\n<div class=\"wp-block-button\"><a class=\"wp-block-button__link\" href=\"https:\/\/www.institutoeurofor.com\/formacion-programada \"><strong>CONSULTA NUESTRO CAT\u00c1LOGO<\/strong><\/a><\/div>\n<\/div>\n\n\n\n<div style=\"height:48px\" aria-hidden=\"true\" class=\"wp-block-spacer\"><\/div>\n\n\n\n<p>Seg\u00fan la <a href=\"https:\/\/www.boe.es\/boe\/dias\/2022\/12\/30\/pdfs\/BOE-A-2022-24394.pdf\"><strong>Resoluci\u00f3n de 1 de diciembre de 2022, de la Direcci\u00f3n General del Servicio P\u00fablico de Empleo Estatal<\/strong><\/a> las novedades son:<\/p>\n\n\n\n<ul><li><strong>El plazo para comunicar<\/strong> que se inicia la formaci\u00f3n ser\u00e1 de hasta 2 d\u00edas, pudi\u00e9ndose realizar modificaciones en un plazo de 24 horas. Aquellos casos en los que no se comunique en el plazo establecido,&nbsp; se tomar\u00e1 como que el grupo de formaci\u00f3n no lo ha realizado y no podr\u00e1n beneficiarse de la bonificaci\u00f3n. Salvo que esto se deba por causas imprevisibles, que est\u00e9n m\u00e1s que justificadas y hayan sido comunicadas en el momento en el que se produzcan.<\/li><\/ul>\n\n\n\n<ul><li><strong>Se mantiene el Aula Virtual<\/strong>. Aquellas acciones que se impartan en modalidad mixta o en teleformaci\u00f3n, se podr\u00e1 impartir en su totalidad mediante aula virtual. Donde el tutor y sus alumnos, interactuar\u00e1n en tiempo real, por medio de un sistema telem\u00e1tico que permitir\u00e1 el intercambio de conocimientos y posibilitar el aprendizaje.<\/li><\/ul>\n\n\n\n<ul><li><strong>La impartici\u00f3n de la formaci\u00f3n<\/strong> garantizar\u00e1 que los alumnos se conecten y tendr\u00e1n que tener un registro de conexiones para poder identificar qu\u00e9 personas participan en el aula, sus fechas y sus tiempos de conexi\u00f3n.<\/li><\/ul>\n\n\n\n<ul><li>Los interesados tendr\u00e1n que identificarse de manera electr\u00f3nica con el SEPE y con FUNDAE.<\/li><\/ul>\n\n\n\n<ul><li>Los empleados podr\u00e1n solicitar permisos individuales de formaci\u00f3n.<\/li><\/ul>\n\n\n\n<div style=\"height:29px\" aria-hidden=\"true\" class=\"wp-block-spacer\"><\/div>\n\n\n<div class=\"wp-block-image\">\n<figure class=\"aligncenter size-full is-resized\"><img loading=\"lazy\" src=\"https:\/\/www.institutoeurofor.com\/blog\/wp-content\/uploads\/2023\/02\/2-INSTITUTO.png\" alt=\"\" class=\"wp-image-5411\" width=\"417\" height=\"278\" srcset=\"https:\/\/www.institutoeurofor.com\/blog\/wp-content\/uploads\/2023\/02\/2-INSTITUTO.png 900w, https:\/\/www.institutoeurofor.com\/blog\/wp-content\/uploads\/2023\/02\/2-INSTITUTO-300x200.png 300w, https:\/\/www.institutoeurofor.com\/blog\/wp-content\/uploads\/2023\/02\/2-INSTITUTO-768x512.png 768w\" sizes=\"(max-width: 417px) 100vw, 417px\" \/><\/figure><\/div>\n\n\n<div style=\"height:36px\" aria-hidden=\"true\" class=\"wp-block-spacer\"><\/div>\n\n\n\n<p>La impartici\u00f3n de la <a href=\"https:\/\/www.institutoeurofor.com\/cursos\"><strong>formaci\u00f3n<\/strong><\/a> se tiene que organizar de tal manera que garantice la conectividad de los alumnos, dejando un registro de conexiones para poder as\u00ed identificar las personas que participan en el aula, las fechas y los tiempos de conexi\u00f3n.<\/p>\n\n\n\n<p><strong><a href=\"https:\/\/www.institutoeurofor.com\/\">Instituto Europeo de Formaci\u00f3n y Cualificaci\u00f3n<\/a><\/strong> es un centro acreditado por el Servicio P\u00fablico de Empleo Estatal para impartir formaci\u00f3n bonificada para las empresas. <\/p>\n\n\n\n<p>Somos un centro especializado en la formaci\u00f3n. Si deseas m\u00e1s informaci\u00f3n, puedes contactar con nosotros en el tel\u00e9fono 696 00 44 43 o accediendo en el <strong><a href=\"https:\/\/www.institutoeurofor.com\/\">siguiente enlace.<\/a><\/strong><\/p>\n\n\n\n<div style=\"height:28px\" aria-hidden=\"true\" class=\"wp-block-spacer\"><\/div>\n\n\n\n<div class=\"wp-container-2 is-content-justification-center wp-block-buttons\">\n<div class=\"wp-block-button\"><a class=\"wp-block-button__link\" href=\"https:\/\/www.institutoeurofor.com\/\"><strong>EST\u00c1REMOS ENCANTADOS DE ATENDERTE<\/strong><\/a><\/div>\n<\/div>\n\n\n\n<div style=\"height:31px\" aria-hidden=\"true\" class=\"wp-block-spacer\"><\/div>\n","protected":false},"excerpt":{"rendered":"<p>\u00bfEst\u00e1s pensando en realizar alguna formaci\u00f3n bonificada este 2023? Lee el siguiente post, donde te contaremos las novedades m\u00e1s interesantes. La formaci\u00f3n bonificada es bastante atractiva &nbsp;ya que, permite a las empresas poder formar a sus trabajadores a un coste &hellip; <a href=\"https:\/\/www.institutoeurofor.com\/blog\/novedades-en-la-formacion-bonificada-para-el-2023\/\">Continuar<\/a><\/p>\n","protected":false},"author":2,"featured_media":5414,"comment_status":"open","ping_status":"closed","sticky":false,"template":"","format":"standard","meta":[],"categories":[3,22],"tags":[145,148,147,146],"_links":{"self":[{"href":"https:\/\/www.institutoeurofor.com\/blog\/wp-json\/wp\/v2\/posts\/5408"}],"collection":[{"href":"https:\/\/www.institutoeurofor.com\/blog\/wp-json\/wp\/v2\/posts"}],"about":[{"href":"https:\/\/www.institutoeurofor.com\/blog\/wp-json\/wp\/v2\/types\/post"}],"author":[{"embeddable":true,"href":"https:\/\/www.institutoeurofor.com\/blog\/wp-json\/wp\/v2\/users\/2"}],"replies":[{"embeddable":true,"href":"https:\/\/www.institutoeurofor.com\/blog\/wp-json\/wp\/v2\/comments?post=5408"}],"version-history":[{"count":4,"href":"https:\/\/www.institutoeurofor.com\/blog\/wp-json\/wp\/v2\/posts\/5408\/revisions"}],"predecessor-version":[{"id":5415,"href":"https:\/\/www.institutoeurofor.com\/blog\/wp-json\/wp\/v2\/posts\/5408\/revisions\/5415"}],"wp:featuredmedia":[{"embeddable":true,"href":"https:\/\/www.institutoeurofor.com\/blog\/wp-json\/wp\/v2\/media\/5414"}],"wp:attachment":[{"href":"https:\/\/www.institutoeurofor.com\/blog\/wp-json\/wp\/v2\/media?parent=5408"}],"wp:term":[{"taxonomy":"category","embeddable":true,"href":"https:\/\/www.institutoeurofor.com\/blog\/wp-json\/wp\/v2\/categories?post=5408"},{"taxonomy":"post_tag","embeddable":true,"href":"https:\/\/www.institutoeurofor.com\/blog\/wp-json\/wp\/v2\/tags?post=5408"}],"curies":[{"name":"wp","href":"https:\/\/api.w.org\/{rel}","templated":true}]}}