{"id":5063,"date":"2022-07-28T09:30:00","date_gmt":"2022-07-28T07:30:00","guid":{"rendered":"https:\/\/www.institutoeurofor.com\/blog\/?p=5063"},"modified":"2022-07-28T09:01:06","modified_gmt":"2022-07-28T07:01:06","slug":"la-imagen-personal","status":"publish","type":"post","link":"https:\/\/www.institutoeurofor.com\/blog\/la-imagen-personal\/","title":{"rendered":"La imagen personal"},"content":{"rendered":"\n<p>En el sector de la imagen personal no solo est\u00e1n los dise\u00f1adores o estilistas, tambi\u00e9n se encuentran, por ejemplo, los profesionales encargados del maquillaje y peinados. Se trata de un sector en constante evoluci\u00f3n, lanzando nuevas tendencias continuamente.<\/p>\n\n\n\n<p>El maquillaje y la peluquer\u00eda se han convertido en algo imprescindible en nuestra sociedad. Actualmente, este mundo est\u00e1 tomando cada vez m\u00e1s importancia. Esto se debe a que por medio del peinado y el maquillaje podemos destacar entre los dem\u00e1s y proyectar una imagen propia.<\/p>\n\n\n\n<p>Se trata de un sector con bastante demanda, ya que son muchas las personas que trabajan con su imagen o, simplemente, desean vivir un d\u00eda importante en su vida y deben estar radiantes siempre.<\/p>\n\n\n\n<p>Los maquilladores y peluqueros profesionales son responsables de maquillar y peinar no solo a las personas que desarrollan su profesi\u00f3n ante el p\u00fablico, sino tambi\u00e9n a novias, influencers, etc.<\/p>\n\n\n\n<p>Y, es que en Espa\u00f1a, el consumo de productos cosm\u00e9ticos y de peluquer\u00eda ha alcanzado, seg\u00fan un estudio de la EAE Business School, una facturaci\u00f3n de 744 millones de euros.<\/p>\n\n\n\n<blockquote class=\"wp-block-quote has-text-align-center\"><p><strong><em>\u201cPara ser un buen profesional del mundo del maquillaje y la peluquer\u00eda se debe estar al d\u00eda de las nuevas tendencias constantemente\u201d<\/em><\/strong><\/p><\/blockquote>\n\n\n\n<h4><strong>Algunas de las competencias y habilidades de este profesional son:<\/strong><\/h4>\n\n\n\n<ul><li>Habilidades creativas, art\u00edsticas y para el dise\u00f1o.<\/li><li>Capacidad para hacer un trabajo de contacto y de mucho detalle.<\/li><li>Habilidades para las relaciones personales.<\/li><li>Confianza y capacidad para trabajar bajo presi\u00f3n.<\/li><li>Trabajo en equipo.<\/li><\/ul>\n\n\n\n<div style=\"height:9px\" aria-hidden=\"true\" class=\"wp-block-spacer\"><\/div>\n\n\n<div class=\"wp-block-image\">\n<figure class=\"aligncenter size-full is-resized\"><img loading=\"lazy\" src=\"https:\/\/www.institutoeurofor.com\/blog\/wp-content\/uploads\/2022\/07\/oaching-15.png\" alt=\"\" class=\"wp-image-5065\" width=\"358\" height=\"238\" srcset=\"https:\/\/www.institutoeurofor.com\/blog\/wp-content\/uploads\/2022\/07\/oaching-15.png 900w, https:\/\/www.institutoeurofor.com\/blog\/wp-content\/uploads\/2022\/07\/oaching-15-300x200.png 300w, https:\/\/www.institutoeurofor.com\/blog\/wp-content\/uploads\/2022\/07\/oaching-15-768x512.png 768w\" sizes=\"(max-width: 358px) 100vw, 358px\" \/><\/figure><\/div>\n\n\n<div style=\"height:9px\" aria-hidden=\"true\" class=\"wp-block-spacer\"><\/div>\n\n\n\n<h4>\u00bfTe gustar\u00eda dedicarte al mundo de la imagen personal? Nuestro curso para formarte en este sector es la mejor opci\u00f3n para formarte este verano.<\/h4>\n\n\n\n<p>Desde <strong><a href=\"https:\/\/www.institutoeurofor.com\/\" target=\"_blank\" rel=\"noreferrer noopener\">Instituto Europeo de Formaci\u00f3n<\/a><\/strong>, te ofrecemos el <strong><a href=\"https:\/\/www.institutoeurofor.com\/curso-de-maquillaje.html\" target=\"_blank\" rel=\"noreferrer noopener\">curso de Especialista en Maquillaje y Peinados<\/a><\/strong>. Con este curso adquirir\u00e1s los conocimientos necesarios para formar parte de esta profesi\u00f3n del mundo de la moda y la est\u00e9tica.<\/p>\n\n\n\n<p>Si deseas m\u00e1s informaci\u00f3n sobre este y otros cursos, contacta con nosotros a trav\u00e9s del tel\u00e9fono <strong>696 00 44 43<\/strong> o accede a nuestra <a href=\"https:\/\/www.institutoeurofor.com\/\" target=\"_blank\" rel=\"noreferrer noopener\"><strong>p\u00e1gina web<\/strong>.<\/a><\/p>\n","protected":false},"excerpt":{"rendered":"<p>En el sector de la imagen personal no solo est\u00e1n los dise\u00f1adores o estilistas, tambi\u00e9n se encuentran, por ejemplo, los profesionales encargados del maquillaje y peinados. Se trata de un sector en constante evoluci\u00f3n, lanzando nuevas tendencias continuamente. El maquillaje &hellip; <a href=\"https:\/\/www.institutoeurofor.com\/blog\/la-imagen-personal\/\">Continuar<\/a><\/p>\n","protected":false},"author":2,"featured_media":5064,"comment_status":"open","ping_status":"closed","sticky":false,"template":"","format":"standard","meta":[],"categories":[3,22,88,92],"tags":[27,40,101,102],"_links":{"self":[{"href":"https:\/\/www.institutoeurofor.com\/blog\/wp-json\/wp\/v2\/posts\/5063"}],"collection":[{"href":"https:\/\/www.institutoeurofor.com\/blog\/wp-json\/wp\/v2\/posts"}],"about":[{"href":"https:\/\/www.institutoeurofor.com\/blog\/wp-json\/wp\/v2\/types\/post"}],"author":[{"embeddable":true,"href":"https:\/\/www.institutoeurofor.com\/blog\/wp-json\/wp\/v2\/users\/2"}],"replies":[{"embeddable":true,"href":"https:\/\/www.institutoeurofor.com\/blog\/wp-json\/wp\/v2\/comments?post=5063"}],"version-history":[{"count":5,"href":"https:\/\/www.institutoeurofor.com\/blog\/wp-json\/wp\/v2\/posts\/5063\/revisions"}],"predecessor-version":[{"id":5070,"href":"https:\/\/www.institutoeurofor.com\/blog\/wp-json\/wp\/v2\/posts\/5063\/revisions\/5070"}],"wp:featuredmedia":[{"embeddable":true,"href":"https:\/\/www.institutoeurofor.com\/blog\/wp-json\/wp\/v2\/media\/5064"}],"wp:attachment":[{"href":"https:\/\/www.institutoeurofor.com\/blog\/wp-json\/wp\/v2\/media?parent=5063"}],"wp:term":[{"taxonomy":"category","embeddable":true,"href":"https:\/\/www.institutoeurofor.com\/blog\/wp-json\/wp\/v2\/categories?post=5063"},{"taxonomy":"post_tag","embeddable":true,"href":"https:\/\/www.institutoeurofor.com\/blog\/wp-json\/wp\/v2\/tags?post=5063"}],"curies":[{"name":"wp","href":"https:\/\/api.w.org\/{rel}","templated":true}]}}