{"id":4985,"date":"2022-06-30T09:29:11","date_gmt":"2022-06-30T07:29:11","guid":{"rendered":"https:\/\/www.institutoeurofor.com\/blog\/?p=4985"},"modified":"2022-06-30T09:29:11","modified_gmt":"2022-06-30T07:29:11","slug":"27-de-junio-dia-de-las-mipymes","status":"publish","type":"post","link":"https:\/\/www.institutoeurofor.com\/blog\/27-de-junio-dia-de-las-mipymes\/","title":{"rendered":"27 de Junio. D\u00eda de las MIPYMES"},"content":{"rendered":"\n<p>27 de Junio. D\u00eda de las <strong>MIPYMES.<\/strong> Las mipymes representan el 90% de las empresas, entre el 60% y el 70% del empleo, contribuyendo as\u00ed a la econom\u00eda local y nacional del pa\u00eds, siendo un aspecto important\u00edsimo para el crecimiento de la sociedad. Por ello, es clave resaltar que el pasado 27 de Junio se celebr\u00f3 el d\u00eda de las <strong>MIPYMES<\/strong>.<\/p>\n\n\n\n<p>Este a\u00f1o, m\u00e1s que nunca, las peque\u00f1as empresas son aquellas que necesitan m\u00e1s apoyo tras la fuerte sacudida que han sufrido por el impacto de la pandemia, los conflictos y la crisis econ\u00f3mica. &nbsp;<\/p>\n\n\n\n<p>Tambi\u00e9n es cierto que las empresas deben adaptarse a las nuevas demandas del mercado y para ello cabe destacar la importancia de la formaci\u00f3n por y para las empresas sobre todo para las <strong>MIPYMES<\/strong>. Toda formaci\u00f3n llevar\u00e1 a un doble sentido o fin. En la gesti\u00f3n y la puesta en marcha del negocio y en la del perfil del propio trabajador aut\u00f3nomo.<\/p>\n\n\n<div class=\"wp-block-image\">\n<figure class=\"aligncenter size-full is-resized\"><img loading=\"lazy\" src=\"https:\/\/www.institutoeurofor.com\/blog\/wp-content\/uploads\/2022\/06\/INSTITUTO.png\" alt=\"\" class=\"wp-image-4986\" width=\"504\" height=\"336\" srcset=\"https:\/\/www.institutoeurofor.com\/blog\/wp-content\/uploads\/2022\/06\/INSTITUTO.png 900w, https:\/\/www.institutoeurofor.com\/blog\/wp-content\/uploads\/2022\/06\/INSTITUTO-300x200.png 300w, https:\/\/www.institutoeurofor.com\/blog\/wp-content\/uploads\/2022\/06\/INSTITUTO-768x512.png 768w\" sizes=\"(max-width: 504px) 100vw, 504px\" \/><\/figure><\/div>\n\n\n<blockquote class=\"wp-block-quote has-text-align-center\"><p><strong><em>\u201cLos emprendedores, aut\u00f3nomos y responsables de pymes podr\u00e1n mejorar sus competencias gracias a formaciones online\u201d<\/em><\/strong><\/p><\/blockquote>\n\n\n\n<p>A trav\u00e9s de <strong><a href=\"https:\/\/www.institutoeurofor.com\/\">nuestras formaciones<\/a>,<\/strong> podr\u00e1s especializarte en cualquier \u00e1mbito relacionado con tu empresa, donde adquirir\u00e1s nuevos conocimientos o reforzar\u00e1s aquellos que ya ten\u00edas previamente.<\/p>\n\n\n\n<h3><strong>\u00bfQu\u00e9 beneficios obtienen las Mipymes?<\/strong><\/h3>\n\n\n\n<ul><li>Incrementar\u00e1s la competitividad.<\/li><li>Aumentar\u00e1s la productividad.<\/li><li>Mejorar\u00e1s tu perfil profesional<\/li><li>Favorecer\u00e1s la capacidad de adaptaci\u00f3n, tanto para tu empresa, como para tus trabajadores.<\/li><\/ul>\n\n\n\n<h3><strong>\u00c1reas de formaci\u00f3n para aut\u00f3nomos<\/strong><\/h3>\n\n\n\n<p>De manera general, se pueden establecer varias \u00e1reas de trabajo donde el aut\u00f3nomo debe mantenerse formado para que su negocio prospere.<\/p>\n\n\n\n<p>La\u00a0<strong>fiscalidad y contabilidad<\/strong>, es de las formaciones m\u00e1s demandadas por aut\u00f3nomos, para ello te ofrecemos nuestra formaci\u00f3n especializada en:<\/p>\n\n\n\n<ul><li><strong><a href=\"https:\/\/www.institutoeurofor.com\/curso-fiscalidad-tributacion-administracion-fiscal.html\">Fiscalidad y Tributaci\u00f3n.<\/a><\/strong><\/li><li><strong><a href=\"https:\/\/www.institutoeurofor.com\/curso-de-contabilidad.html\">Experto en contabilidad.<\/a><\/strong><\/li><\/ul>\n\n\n\n<p><strong>Marketing y ventas,<\/strong> para generar productividad a las empresas:<\/p>\n\n\n\n<ul><li><strong><a href=\"https:\/\/www.institutoeurofor.com\/curso-web-marketing.html\">Marketing Online y Posicionamiento Web.<\/a><\/strong><\/li><li><strong><a href=\"https:\/\/www.institutoeurofor.com\/curso-direccion-gestion-planes-de-marketing.html\">Direcci\u00f3n y Gesti\u00f3n de Planes de Marketing.<\/a><\/strong><\/li><\/ul>\n\n\n\n<p><strong>Direcci\u00f3n y gesti\u00f3n de empresas<\/strong>, en aquellos casos donde se desea emprender pero no se sabe por d\u00f3nde empezar:<\/p>\n\n\n\n<ul><li><strong><a href=\"https:\/\/www.institutoeurofor.com\/master-mba-administracion-direccion-gestion-empresas.html\">MBA en Administraci\u00f3n, Direcci\u00f3n y Gesti\u00f3n de Empresas.<\/a><\/strong><\/li><li><strong><a href=\"https:\/\/www.institutoeurofor.com\/curso-direccion-gestion-empresarial.html\">Direcci\u00f3n y Gesti\u00f3n Empresarial.<\/a><\/strong><\/li><li><strong><a href=\"https:\/\/www.institutoeurofor.com\/postgrado-administracion-empresas-contabilidad.html\">Administraci\u00f3n de Empresas y Contabilidad.<\/a><\/strong><\/li><\/ul>\n\n\n\n<p>En el <strong>Instituto Europeo de Formaci\u00f3n y Cualificaci\u00f3n<\/strong>, somos conscientes de la importancia de la formaci\u00f3n para aut\u00f3nomos y pymes; uni\u00e9ndolo a la dificultad\u00a0 que supone la falta de acceso a formaciones para las empresas, desde nuestro centro lo que pretendemos es crear una <strong>oferta formativa online y totalmente variada<\/strong>.<\/p>\n\n\n\n<div style=\"height:14px\" aria-hidden=\"true\" class=\"wp-block-spacer\"><\/div>\n\n\n\n<p class=\"has-text-align-center has-medium-font-size\"><strong><em>\u201cRecuerda que para dar un buen servicio, primero debes tener una buena formaci\u00f3n\u201d<\/em><\/strong><\/p>\n\n\n\n<p>Cualquier duda que tengas y necesites resolver, puedes llamarnos al <strong>696 00 44 43 <\/strong>o bien acceder a nuestra <a href=\"https:\/\/www.institutoeurofor.com\/\"><strong>p\u00e1gina Web<\/strong>\u2026<\/a> \u00a1No dejes pasar la oportunidad de formarte con los mejores!<\/p>\n\n\n\n<div class=\"wp-container-1 is-content-justification-center wp-block-buttons\">\n<div class=\"wp-block-button\"><a class=\"wp-block-button__link\" href=\"https:\/\/www.institutoeurofor.com\/\"><strong>\u00a1CONTACTA CON NOSOTROS!<\/strong><\/a><\/div>\n<\/div>\n","protected":false},"excerpt":{"rendered":"<p>27 de Junio. D\u00eda de las MIPYMES. Las mipymes representan el 90% de las empresas, entre el 60% y el 70% del empleo, contribuyendo as\u00ed a la econom\u00eda local y nacional del pa\u00eds, siendo un aspecto important\u00edsimo para el crecimiento &hellip; <a href=\"https:\/\/www.institutoeurofor.com\/blog\/27-de-junio-dia-de-las-mipymes\/\">Continuar<\/a><\/p>\n","protected":false},"author":2,"featured_media":4990,"comment_status":"open","ping_status":"closed","sticky":false,"template":"","format":"standard","meta":[],"categories":[3,22],"tags":[57,94,40],"_links":{"self":[{"href":"https:\/\/www.institutoeurofor.com\/blog\/wp-json\/wp\/v2\/posts\/4985"}],"collection":[{"href":"https:\/\/www.institutoeurofor.com\/blog\/wp-json\/wp\/v2\/posts"}],"about":[{"href":"https:\/\/www.institutoeurofor.com\/blog\/wp-json\/wp\/v2\/types\/post"}],"author":[{"embeddable":true,"href":"https:\/\/www.institutoeurofor.com\/blog\/wp-json\/wp\/v2\/users\/2"}],"replies":[{"embeddable":true,"href":"https:\/\/www.institutoeurofor.com\/blog\/wp-json\/wp\/v2\/comments?post=4985"}],"version-history":[{"count":4,"href":"https:\/\/www.institutoeurofor.com\/blog\/wp-json\/wp\/v2\/posts\/4985\/revisions"}],"predecessor-version":[{"id":4991,"href":"https:\/\/www.institutoeurofor.com\/blog\/wp-json\/wp\/v2\/posts\/4985\/revisions\/4991"}],"wp:featuredmedia":[{"embeddable":true,"href":"https:\/\/www.institutoeurofor.com\/blog\/wp-json\/wp\/v2\/media\/4990"}],"wp:attachment":[{"href":"https:\/\/www.institutoeurofor.com\/blog\/wp-json\/wp\/v2\/media?parent=4985"}],"wp:term":[{"taxonomy":"category","embeddable":true,"href":"https:\/\/www.institutoeurofor.com\/blog\/wp-json\/wp\/v2\/categories?post=4985"},{"taxonomy":"post_tag","embeddable":true,"href":"https:\/\/www.institutoeurofor.com\/blog\/wp-json\/wp\/v2\/tags?post=4985"}],"curies":[{"name":"wp","href":"https:\/\/api.w.org\/{rel}","templated":true}]}}