{"id":1041,"date":"2021-07-20T10:32:18","date_gmt":"2021-07-20T10:32:18","guid":{"rendered":"https:\/\/www.institutoeurofor.com\/blog\/?p=1041"},"modified":"2022-02-09T17:35:06","modified_gmt":"2022-02-09T17:35:06","slug":"especialista-en-interiorismo-decoracion-de-interiores","status":"publish","type":"post","link":"https:\/\/www.institutoeurofor.com\/blog\/especialista-en-interiorismo-decoracion-de-interiores\/","title":{"rendered":"Especialista en Interiorismo: Decoraci\u00f3n de Interiores"},"content":{"rendered":"\n<p><strong><span class=\"has-inline-color has-black-color\">Desarrolle su creatividad, el buen gusto y la organizaci\u00f3n con el Curso Especialista en Interiorismo: Decoraci\u00f3n de Interiores.<\/span><\/strong><\/p>\n\n\n\n<p>Con este curso se convertir\u00e1 en un profesional de la arquitectura de interiores. Los distintos estilos de decoraci\u00f3n, las t\u00e9cnicas de iluminaci\u00f3n, un mobiliario apropiado y un correcto uso de los materiales le abrir\u00e1n un amplio abanico de ideas mediante las cuales configurar espacios que se adapten adecuadamente a la funcionalidad y que, al tiempo, resulten atractivos y confortables.<\/p>\n\n\n\n<p>El objetivo principal del curso de <a href=\"https:\/\/www.institutoeurofor.com\/curso-decoracion-de-interiores.html\">especialista en interiorismo<\/a> es aprender a proyectar, desarrollar y evaluar un proyecto integral de decoraci\u00f3n de interiores en sus distintas fases y elementos.<\/p>\n\n\n\n<figure class=\"wp-block-image size-large is-resized\"><img loading=\"lazy\" src=\"https:\/\/www.institutoeurofor.com\/blog\/wp-content\/uploads\/2021\/07\/secundaria-blog-design.png\" alt=\"\" class=\"wp-image-1043\" width=\"567\" height=\"378\" srcset=\"https:\/\/www.institutoeurofor.com\/blog\/wp-content\/uploads\/2021\/07\/secundaria-blog-design.png 900w, https:\/\/www.institutoeurofor.com\/blog\/wp-content\/uploads\/2021\/07\/secundaria-blog-design-300x200.png 300w, https:\/\/www.institutoeurofor.com\/blog\/wp-content\/uploads\/2021\/07\/secundaria-blog-design-768x512.png 768w\" sizes=\"(max-width: 567px) 100vw, 567px\" \/><\/figure>\n\n\n\n<p>Realizando con nosotros su formaci\u00f3n en interiorismo, obtendr\u00e1 una serie de ventajas de cara a su inserci\u00f3n en este sector del mundo laboral:<\/p>\n\n\n\n<ul><li>Posibilidad de buscar empleo en un sector que se encuentra actualmente en expansi\u00f3n.<\/li><li>Una completa formaci\u00f3n interdisciplinar que le introducir\u00e1 en diferentes \u00e1mbitos: el arte y la arquitectura, dibujo t\u00e9cnico, creaci\u00f3n, gesti\u00f3n y evaluaci\u00f3n de proyectos, procedencia y tratamiento de materiales naturales y sint\u00e9ticos, dise\u00f1o industrial y ergonom\u00eda\u2026<\/li><li>Amplia variedad de salidas profesionales a escoger seg\u00fan sus intereses: especializaci\u00f3n en cada uno de los espacios de una vivienda o posibilidad de continuar su formaci\u00f3n como interiorista en dise\u00f1o de espacios comerciales y profesionales. &nbsp;<\/li><\/ul>\n\n\n\n<p><strong>Salidas laborales de Especialista en Interiorismo:<\/strong><\/p>\n\n\n\n<p>Las circunstancias sanitarias sobrevenidas con la pandemia de COVID-19 y la larga estancia domiciliaria a la que \u00e9sta ha impulsado, han propiciado que se d\u00e9 un renovado inter\u00e9s por la configuraci\u00f3n de los espacios dom\u00e9sticos, poniendo de manifiesto la importancia de que los lugares que habitamos en nuestra vida diaria sean confortables y flexibles en cuanto a su funcionalidad: muchos hogares se han visto convertidos simult\u00e1neamente en lugar de trabajo y de ocio, de descanso y de actividad.&nbsp; Esta situaci\u00f3n convierte al interiorismo en una profesi\u00f3n con grandes vistas de futuro.<\/p>\n\n\n\n<p>En el mundo profesional, los dise\u00f1adores de interiores disponen de varias alternativas. Si es un emprendedor podr\u00e1 realizar trabajo como aut\u00f3nomo, encarg\u00e1ndose de la gesti\u00f3n integral de los proyectos para sus clientes, contando con la colaboraci\u00f3n de sus proveedores y coordinando la actividad de otros profesionales con los que trabaje. Tambi\u00e9n puede integrarse en el equipo de trabajo de en un estudio de dise\u00f1o o arquitectura. Asimismo, los museos o instituciones culturales tambi\u00e9n son un buen sitio para desarrollar sus capacidades, con otro tipo de proyectos de exposiciones temporales y eventos en los que seguir expandiendo sus horizontes profesionales.<\/p>\n\n\n\n<p>Esperamos que este post haya captado su inter\u00e9s en esta profesi\u00f3n y sus posibilidades,&nbsp; y ayudado a resolver algunas de sus dudas. Si desea comentarnos algo o informarse, puede hacerlo en los comentarios de este post o llamando al n\u00famero de tel\u00e9fono 696 00 44 43.<\/p>\n\n\n\n<p><\/p>\n\n\n\n<div class=\"wp-container-1 wp-block-buttons aligncenter\">\n<div class=\"wp-block-button\"><a class=\"wp-block-button__link has-black-background-color has-text-color has-background\" href=\"https:\/\/www.institutoeurofor.com\/curso-decoracion-de-interiores.html\" style=\"border-radius:50px;color:#fffffa\">Quiero m\u00e1s informaci\u00f3n<\/a><\/div>\n<\/div>\n\n\n\n<p><\/p>\n","protected":false},"excerpt":{"rendered":"<p>Desarrolle su creatividad, el buen gusto y la organizaci\u00f3n con el Curso Especialista en Interiorismo: Decoraci\u00f3n de Interiores. Con este curso se convertir\u00e1 en un profesional de la arquitectura de interiores. Los distintos estilos de decoraci\u00f3n, las t\u00e9cnicas de iluminaci\u00f3n, &hellip; <a href=\"https:\/\/www.institutoeurofor.com\/blog\/especialista-en-interiorismo-decoracion-de-interiores\/\">Continuar<\/a><\/p>\n","protected":false},"author":2,"featured_media":1057,"comment_status":"open","ping_status":"closed","sticky":false,"template":"","format":"standard","meta":[],"categories":[3],"tags":[],"_links":{"self":[{"href":"https:\/\/www.institutoeurofor.com\/blog\/wp-json\/wp\/v2\/posts\/1041"}],"collection":[{"href":"https:\/\/www.institutoeurofor.com\/blog\/wp-json\/wp\/v2\/posts"}],"about":[{"href":"https:\/\/www.institutoeurofor.com\/blog\/wp-json\/wp\/v2\/types\/post"}],"author":[{"embeddable":true,"href":"https:\/\/www.institutoeurofor.com\/blog\/wp-json\/wp\/v2\/users\/2"}],"replies":[{"embeddable":true,"href":"https:\/\/www.institutoeurofor.com\/blog\/wp-json\/wp\/v2\/comments?post=1041"}],"version-history":[{"count":9,"href":"https:\/\/www.institutoeurofor.com\/blog\/wp-json\/wp\/v2\/posts\/1041\/revisions"}],"predecessor-version":[{"id":4691,"href":"https:\/\/www.institutoeurofor.com\/blog\/wp-json\/wp\/v2\/posts\/1041\/revisions\/4691"}],"wp:featuredmedia":[{"embeddable":true,"href":"https:\/\/www.institutoeurofor.com\/blog\/wp-json\/wp\/v2\/media\/1057"}],"wp:attachment":[{"href":"https:\/\/www.institutoeurofor.com\/blog\/wp-json\/wp\/v2\/media?parent=1041"}],"wp:term":[{"taxonomy":"category","embeddable":true,"href":"https:\/\/www.institutoeurofor.com\/blog\/wp-json\/wp\/v2\/categories?post=1041"},{"taxonomy":"post_tag","embeddable":true,"href":"https:\/\/www.institutoeurofor.com\/blog\/wp-json\/wp\/v2\/tags?post=1041"}],"curies":[{"name":"wp","href":"https:\/\/api.w.org\/{rel}","templated":true}]}}